{"id":1867,"date":"2026-08-18T12:25:15","date_gmt":"2026-08-18T10:25:15","guid":{"rendered":"https:\/\/www.energiecondivise.eu\/blog\/?p=1867"},"modified":"2026-08-18T12:28:30","modified_gmt":"2026-08-18T10:28:30","slug":"co-incontrando-architettura-del-900-a-gemona-del-friuli","status":"publish","type":"post","link":"https:\/\/www.energiecondivise.eu\/blog\/2026\/08\/18\/co-incontrando-architettura-del-900-a-gemona-del-friuli\/","title":{"rendered":"&amp;Co Incontrando &#8230; Architettura del 900 a Gemona del Friuli"},"content":{"rendered":"\n<p class=\"wp-block-paragraph\">&amp;Co sar\u00e0 presente a Gemona del Friuli per la visita alla mostra&#8221;<strong>Architettura del &#8216;900<\/strong>&#8221; presso il Palazzo Fantoni<\/p>\n\n\n\n<p class=\"has-text-align-center has-medium-font-size wp-block-paragraph\"><strong>Sabato 29 agosto ore 10:30<\/strong><\/p>\n\n\n\n<p class=\"has-text-align-center wp-block-paragraph\"><a href=\"https:\/\/www.google.it\/maps\/place\/33013+Gemona+del+Friuli+UD\/@46.278619,13.1395063,3a,75y,143.77h,86.3t\/data=!3m7!1e1!3m5!1sTy3AAOIXWflvQWkxkgxvMQ!2e0!6shttps:%2F%2Fstreetviewpixels-pa.googleapis.com%2Fv1%2Fthumbnail%3Fcb_client%3Dmaps_sv.tactile%26w%3D900%26h%3D600%26pitch%3D3.697232839085615%26panoid%3DTy3AAOIXWflvQWkxkgxvMQ%26yaw%3D143.76536788545775!7i16384!8i8192!4m6!3m5!1s0x477a3b3979203ab9:0xb7c76e7267d93222!8m2!3d46.2752671!4d13.1426773!16s%2Fg%2F119t9qt4h?entry=ttu&amp;g_ep=EgoyMDI2MDgxMi4wIKXMDSoASAFQAw%3D%3D\" data-type=\"link\" data-id=\"https:\/\/www.google.it\/maps\/place\/33013+Gemona+del+Friuli+UD\/@46.278619,13.1395063,3a,75y,143.77h,86.3t\/data=!3m7!1e1!3m5!1sTy3AAOIXWflvQWkxkgxvMQ!2e0!6shttps:%2F%2Fstreetviewpixels-pa.googleapis.com%2Fv1%2Fthumbnail%3Fcb_client%3Dmaps_sv.tactile%26w%3D900%26h%3D600%26pitch%3D3.697232839085615%26panoid%3DTy3AAOIXWflvQWkxkgxvMQ%26yaw%3D143.76536788545775!7i16384!8i8192!4m6!3m5!1s0x477a3b3979203ab9:0xb7c76e7267d93222!8m2!3d46.2752671!4d13.1426773!16s%2Fg%2F119t9qt4h?entry=ttu&amp;g_ep=EgoyMDI2MDgxMi4wIKXMDSoASAFQAw%3D%3D\" target=\"_blank\" rel=\"noreferrer noopener\">Palazzo Fantoni Via Caneva 2 Gemona del Friuli<\/a><\/p>\n\n\n\n<p class=\"wp-block-paragraph\">La visita sar\u00e0 a cura dell&#8217;<strong><a href=\"https:\/\/www.facebook.com\/gianpaolo.dellamarina\/\" data-type=\"link\" data-id=\"https:\/\/www.facebook.com\/gianpaolo.dellamarina\/\">arch. Gianpaolo <\/a><a href=\"https:\/\/www.facebook.com\/gianpaolo.dellamarina\/\" data-type=\"link\" data-id=\"https:\/\/www.facebook.com\/gianpaolo.dellamarina\/\" target=\"_blank\" rel=\"noreferrer noopener\">D<\/a><a href=\"https:\/\/www.facebook.com\/gianpaolo.dellamarina\/\" data-type=\"link\" data-id=\"https:\/\/www.facebook.com\/gianpaolo.dellamarina\/\">ella Marina<\/a><\/strong>.<\/p>\n\n\n\n<p class=\"wp-block-paragraph\">Programma della giornata di visita:<\/p>\n\n\n\n<ul class=\"wp-block-list\">\n<li>ore 10:15 ritrovo nei pressi del <strong>Palazzo Fantoni<\/strong><\/li>\n\n\n\n<li>ore 10:30 inizio della visita con l&#8217;<strong>Arch. Della Marina<\/strong><\/li>\n\n\n\n<li>ore 12:00 aperitivo <\/li>\n\n\n\n<li>ore 12:30 trasferimento a <strong>Venzone<\/strong><\/li>\n\n\n\n<li>ore 13:00 pranzo presso il Ristorante &#8220;<strong>Alle Scaligere<\/strong>&#8221; <a href=\"https:\/\/www.google.it\/maps\/place\/Ristorante+Alle+Scaligere\/@46.3328186,13.1393978,3a,88.8y,133.67h,94.48t\/data=!3m7!1e1!3m5!1s71Bk2gaVLSYaK0pwPVqPRg!2e0!6shttps:%2F%2Fstreetviewpixels-pa.googleapis.com%2Fv1%2Fthumbnail%3Fcb_client%3Dmaps_sv.tactile%26w%3D900%26h%3D600%26pitch%3D-4.475008110437443%26panoid%3D71Bk2gaVLSYaK0pwPVqPRg%26yaw%3D133.6663872666577!7i13312!8i6656!4m14!1m7!3m6!1s0x477a23258ddc8dc3:0xae865a6cc368c197!2sRistorante+Alle+Scaligere!8m2!3d46.3327199!4d13.1393943!16s%2Fg%2F11cmybjm5w!3m5!1s0x477a23258ddc8dc3:0xae865a6cc368c197!8m2!3d46.3327199!4d13.1393943!16s%2Fg%2F11cmybjm5w?entry=ttu&amp;g_ep=EgoyMDI2MDgxMi4wIKXMDSoASAFQAw%3D%3D\" data-type=\"link\" data-id=\"https:\/\/www.google.it\/maps\/place\/Ristorante+Alle+Scaligere\/@46.3328186,13.1393978,3a,88.8y,133.67h,94.48t\/data=!3m7!1e1!3m5!1s71Bk2gaVLSYaK0pwPVqPRg!2e0!6shttps:%2F%2Fstreetviewpixels-pa.googleapis.com%2Fv1%2Fthumbnail%3Fcb_client%3Dmaps_sv.tactile%26w%3D900%26h%3D600%26pitch%3D-4.475008110437443%26panoid%3D71Bk2gaVLSYaK0pwPVqPRg%26yaw%3D133.6663872666577!7i13312!8i6656!4m14!1m7!3m6!1s0x477a23258ddc8dc3:0xae865a6cc368c197!2sRistorante+Alle+Scaligere!8m2!3d46.3327199!4d13.1393943!16s%2Fg%2F11cmybjm5w!3m5!1s0x477a23258ddc8dc3:0xae865a6cc368c197!8m2!3d46.3327199!4d13.1393943!16s%2Fg%2F11cmybjm5w?entry=ttu&amp;g_ep=EgoyMDI2MDgxMi4wIKXMDSoASAFQAw%3D%3D\">Via Roma 1 Venzone<\/a><\/li>\n<\/ul>\n\n\n\n<p class=\"wp-block-paragraph\">La mostra nasce per valorizzare e far conoscere il patrimonio architettonico del Novecento a Gemona e nei comuni della Pedemontana friulana, un territorio segnato da un secolo di trasformazioni profonde: dall\u2019italianizzazione post-unitaria alla Grande<br>Guerra, dal riassetto amministrativo del Ventennio alle ferite del secondo conflitto mondiale, fino al boom economico e alla ricostruzione dopo il terremoto del 1976.<br>Questi eventi hanno lasciato un\u2019eredit\u00e0 visibile nell\u2019ambiente costruito. La mostra racconta questa storia attraverso edifici, archivi, progetti e materiali spesso poco conosciuti, offrendo una nuova prospettiva sull\u2019evoluzione urbana e sociale del territorio.<\/p>\n\n\n\n<p class=\"wp-block-paragraph\">La visita \u00e8 gratuit\u00e0 e ringraziamo l&#8217;arch. Della Marina per la disponibilit\u00e0.<\/p>\n\n\n\n<p class=\"wp-block-paragraph\">Per agevolare l&#8217;organizzazione, si chiede una conferma di partecipazione sia alla visita della mostra e sia al pranzo.<\/p>\n\n\n\n<p class=\"wp-block-paragraph\">Vi aspettiamo!<\/p>\n\n\n\n<p class=\"wp-block-paragraph\">&amp;Co <\/p>\n","protected":false},"excerpt":{"rendered":"<p>&amp;Co sar\u00e0 presente a Gemona del Friuli per la visita alla mostra&#8221;Architettura del &#8216;900&#8221; presso il Palazzo Fantoni Sabato 29 agosto ore 10:30 Palazzo Fantoni Via Caneva 2 Gemona del Friuli La visita sar\u00e0 a cura dell&#8217;arch. Gianpaolo Della Marina. Programma della giornata di visita: La mostra nasce per valorizzare e far conoscere il patrimonio&#8230;<\/p>\n","protected":false},"author":1,"featured_media":1868,"comment_status":"open","ping_status":"open","sticky":false,"template":"","format":"standard","meta":{"footnotes":""},"categories":[11],"tags":[],"class_list":["post-1867","post","type-post","status-publish","format-standard","has-post-thumbnail","hentry","category-viaggi"],"yoast_head":"<!-- This site is optimized with the Yoast SEO plugin v28.3 - https:\/\/yoast.com\/product\/yoast-seo-wordpress\/ -->\n<title>&amp;Co Incontrando ... Architettura del 900 a Gemona del Friuli - &amp;CO Energie Condivise<\/title>\n<meta name=\"description\" content=\"Visita guidata alla mostra che valorizza e fa conoscere il patrimonio architettonico del Novecento a Gemona e nella Pedemontana friulana.\" \/>\n<meta name=\"robots\" content=\"index, follow, max-snippet:-1, max-image-preview:large, max-video-preview:-1\" \/>\n<link rel=\"canonical\" href=\"https:\/\/www.energiecondivise.eu\/blog\/2026\/08\/18\/co-incontrando-architettura-del-900-a-gemona-del-friuli\/\" \/>\n<meta property=\"og:locale\" content=\"it_IT\" \/>\n<meta property=\"og:type\" content=\"article\" \/>\n<meta property=\"og:title\" content=\"&amp;Co Incontrando ... Architettura del 900 a Gemona del Friuli - &amp;CO Energie Condivise\" \/>\n<meta property=\"og:description\" content=\"Visita guidata alla mostra che valorizza e fa conoscere il patrimonio architettonico del Novecento a Gemona e nella Pedemontana friulana.\" \/>\n<meta property=\"og:url\" content=\"https:\/\/www.energiecondivise.eu\/blog\/2026\/08\/18\/co-incontrando-architettura-del-900-a-gemona-del-friuli\/\" \/>\n<meta property=\"og:site_name\" content=\"&amp;CO Energie Condivise\" \/>\n<meta property=\"article:published_time\" content=\"2026-08-18T10:25:15+00:00\" \/>\n<meta property=\"article:modified_time\" content=\"2026-08-18T10:28:30+00:00\" \/>\n<meta property=\"og:image\" content=\"https:\/\/www.energiecondivise.eu\/blog\/wp-content\/uploads\/2026\/08\/Arch_900_1300.png\" \/>\n\t<meta property=\"og:image:width\" content=\"1300\" \/>\n\t<meta property=\"og:image:height\" content=\"975\" \/>\n\t<meta property=\"og:image:type\" content=\"image\/png\" \/>\n<meta name=\"author\" content=\"Giorgio\" \/>\n<meta name=\"twitter:card\" content=\"summary_large_image\" \/>\n<meta name=\"twitter:label1\" content=\"Scritto da\" \/>\n\t<meta name=\"twitter:data1\" content=\"Giorgio\" \/>\n\t<meta name=\"twitter:label2\" content=\"Tempo di lettura stimato\" \/>\n\t<meta name=\"twitter:data2\" content=\"2 minuti\" \/>\n<script type=\"application\/ld+json\" class=\"yoast-schema-graph\">{\"@context\":\"https:\\\/\\\/schema.org\",\"@graph\":[{\"@type\":\"Article\",\"@id\":\"https:\\\/\\\/www.energiecondivise.eu\\\/blog\\\/2026\\\/08\\\/18\\\/co-incontrando-architettura-del-900-a-gemona-del-friuli\\\/#article\",\"isPartOf\":{\"@id\":\"https:\\\/\\\/www.energiecondivise.eu\\\/blog\\\/2026\\\/08\\\/18\\\/co-incontrando-architettura-del-900-a-gemona-del-friuli\\\/\"},\"author\":{\"name\":\"Giorgio\",\"@id\":\"https:\\\/\\\/www.energiecondivise.eu\\\/blog\\\/#\\\/schema\\\/person\\\/83fa2833554fda011bb62cb6332c082b\"},\"headline\":\"&amp;Co Incontrando &#8230; Architettura del 900 a Gemona del Friuli\",\"datePublished\":\"2026-08-18T10:25:15+00:00\",\"dateModified\":\"2026-08-18T10:28:30+00:00\",\"mainEntityOfPage\":{\"@id\":\"https:\\\/\\\/www.energiecondivise.eu\\\/blog\\\/2026\\\/08\\\/18\\\/co-incontrando-architettura-del-900-a-gemona-del-friuli\\\/\"},\"wordCount\":213,\"commentCount\":0,\"publisher\":{\"@id\":\"https:\\\/\\\/www.energiecondivise.eu\\\/blog\\\/#organization\"},\"image\":{\"@id\":\"https:\\\/\\\/www.energiecondivise.eu\\\/blog\\\/2026\\\/08\\\/18\\\/co-incontrando-architettura-del-900-a-gemona-del-friuli\\\/#primaryimage\"},\"thumbnailUrl\":\"https:\\\/\\\/www.energiecondivise.eu\\\/blog\\\/wp-content\\\/uploads\\\/2026\\\/08\\\/Arch_900_1300.png\",\"articleSection\":[\"Viaggi studio\"],\"inLanguage\":\"it-IT\",\"potentialAction\":[{\"@type\":\"CommentAction\",\"name\":\"Comment\",\"target\":[\"https:\\\/\\\/www.energiecondivise.eu\\\/blog\\\/2026\\\/08\\\/18\\\/co-incontrando-architettura-del-900-a-gemona-del-friuli\\\/#respond\"]}]},{\"@type\":\"WebPage\",\"@id\":\"https:\\\/\\\/www.energiecondivise.eu\\\/blog\\\/2026\\\/08\\\/18\\\/co-incontrando-architettura-del-900-a-gemona-del-friuli\\\/\",\"url\":\"https:\\\/\\\/www.energiecondivise.eu\\\/blog\\\/2026\\\/08\\\/18\\\/co-incontrando-architettura-del-900-a-gemona-del-friuli\\\/\",\"name\":\"&amp;Co Incontrando ... Architettura del 900 a Gemona del Friuli - &amp;CO Energie Condivise\",\"isPartOf\":{\"@id\":\"https:\\\/\\\/www.energiecondivise.eu\\\/blog\\\/#website\"},\"primaryImageOfPage\":{\"@id\":\"https:\\\/\\\/www.energiecondivise.eu\\\/blog\\\/2026\\\/08\\\/18\\\/co-incontrando-architettura-del-900-a-gemona-del-friuli\\\/#primaryimage\"},\"image\":{\"@id\":\"https:\\\/\\\/www.energiecondivise.eu\\\/blog\\\/2026\\\/08\\\/18\\\/co-incontrando-architettura-del-900-a-gemona-del-friuli\\\/#primaryimage\"},\"thumbnailUrl\":\"https:\\\/\\\/www.energiecondivise.eu\\\/blog\\\/wp-content\\\/uploads\\\/2026\\\/08\\\/Arch_900_1300.png\",\"datePublished\":\"2026-08-18T10:25:15+00:00\",\"dateModified\":\"2026-08-18T10:28:30+00:00\",\"description\":\"Visita guidata alla mostra che valorizza e fa conoscere il patrimonio architettonico del Novecento a Gemona e nella Pedemontana friulana.\",\"breadcrumb\":{\"@id\":\"https:\\\/\\\/www.energiecondivise.eu\\\/blog\\\/2026\\\/08\\\/18\\\/co-incontrando-architettura-del-900-a-gemona-del-friuli\\\/#breadcrumb\"},\"inLanguage\":\"it-IT\",\"potentialAction\":[{\"@type\":\"ReadAction\",\"target\":[\"https:\\\/\\\/www.energiecondivise.eu\\\/blog\\\/2026\\\/08\\\/18\\\/co-incontrando-architettura-del-900-a-gemona-del-friuli\\\/\"]}]},{\"@type\":\"ImageObject\",\"inLanguage\":\"it-IT\",\"@id\":\"https:\\\/\\\/www.energiecondivise.eu\\\/blog\\\/2026\\\/08\\\/18\\\/co-incontrando-architettura-del-900-a-gemona-del-friuli\\\/#primaryimage\",\"url\":\"https:\\\/\\\/www.energiecondivise.eu\\\/blog\\\/wp-content\\\/uploads\\\/2026\\\/08\\\/Arch_900_1300.png\",\"contentUrl\":\"https:\\\/\\\/www.energiecondivise.eu\\\/blog\\\/wp-content\\\/uploads\\\/2026\\\/08\\\/Arch_900_1300.png\",\"width\":1300,\"height\":975},{\"@type\":\"BreadcrumbList\",\"@id\":\"https:\\\/\\\/www.energiecondivise.eu\\\/blog\\\/2026\\\/08\\\/18\\\/co-incontrando-architettura-del-900-a-gemona-del-friuli\\\/#breadcrumb\",\"itemListElement\":[{\"@type\":\"ListItem\",\"position\":1,\"name\":\"Home\",\"item\":\"https:\\\/\\\/www.energiecondivise.eu\\\/blog\\\/\"},{\"@type\":\"ListItem\",\"position\":2,\"name\":\"&amp;Co Incontrando &#8230; Architettura del 900 a Gemona del Friuli\"}]},{\"@type\":\"WebSite\",\"@id\":\"https:\\\/\\\/www.energiecondivise.eu\\\/blog\\\/#website\",\"url\":\"https:\\\/\\\/www.energiecondivise.eu\\\/blog\\\/\",\"name\":\"&amp;CO Energie Condivise\",\"description\":\"\",\"publisher\":{\"@id\":\"https:\\\/\\\/www.energiecondivise.eu\\\/blog\\\/#organization\"},\"potentialAction\":[{\"@type\":\"SearchAction\",\"target\":{\"@type\":\"EntryPoint\",\"urlTemplate\":\"https:\\\/\\\/www.energiecondivise.eu\\\/blog\\\/?s={search_term_string}\"},\"query-input\":{\"@type\":\"PropertyValueSpecification\",\"valueRequired\":true,\"valueName\":\"search_term_string\"}}],\"inLanguage\":\"it-IT\"},{\"@type\":\"Organization\",\"@id\":\"https:\\\/\\\/www.energiecondivise.eu\\\/blog\\\/#organization\",\"name\":\"&co Energiecondivise\",\"url\":\"https:\\\/\\\/www.energiecondivise.eu\\\/blog\\\/\",\"logo\":{\"@type\":\"ImageObject\",\"inLanguage\":\"it-IT\",\"@id\":\"https:\\\/\\\/www.energiecondivise.eu\\\/blog\\\/#\\\/schema\\\/logo\\\/image\\\/\",\"url\":\"https:\\\/\\\/www.energiecondivise.eu\\\/blog\\\/wp-content\\\/uploads\\\/2019\\\/08\\\/cropped-02-Tipogr_logo-Co_256-2.png\",\"contentUrl\":\"https:\\\/\\\/www.energiecondivise.eu\\\/blog\\\/wp-content\\\/uploads\\\/2019\\\/08\\\/cropped-02-Tipogr_logo-Co_256-2.png\",\"width\":512,\"height\":512,\"caption\":\"&co Energiecondivise\"},\"image\":{\"@id\":\"https:\\\/\\\/www.energiecondivise.eu\\\/blog\\\/#\\\/schema\\\/logo\\\/image\\\/\"}},{\"@type\":\"Person\",\"@id\":\"https:\\\/\\\/www.energiecondivise.eu\\\/blog\\\/#\\\/schema\\\/person\\\/83fa2833554fda011bb62cb6332c082b\",\"name\":\"Giorgio\",\"image\":{\"@type\":\"ImageObject\",\"inLanguage\":\"it-IT\",\"@id\":\"https:\\\/\\\/secure.gravatar.com\\\/avatar\\\/8bfcf3be25c65a46c701619d01316da9a55be79fd74de4ba67d1eea0edc78b69?s=96&d=mm&r=g\",\"url\":\"https:\\\/\\\/secure.gravatar.com\\\/avatar\\\/8bfcf3be25c65a46c701619d01316da9a55be79fd74de4ba67d1eea0edc78b69?s=96&d=mm&r=g\",\"contentUrl\":\"https:\\\/\\\/secure.gravatar.com\\\/avatar\\\/8bfcf3be25c65a46c701619d01316da9a55be79fd74de4ba67d1eea0edc78b69?s=96&d=mm&r=g\",\"caption\":\"Giorgio\"},\"url\":\"https:\\\/\\\/www.energiecondivise.eu\\\/blog\\\/author\\\/giorgio\\\/\"}]}<\/script>\n<!-- \/ Yoast SEO plugin. -->","yoast_head_json":{"title":"&amp;Co Incontrando ... Architettura del 900 a Gemona del Friuli - &amp;CO Energie Condivise","description":"Visita guidata alla mostra che valorizza e fa conoscere il patrimonio architettonico del Novecento a Gemona e nella Pedemontana friulana.","robots":{"index":"index","follow":"follow","max-snippet":"max-snippet:-1","max-image-preview":"max-image-preview:large","max-video-preview":"max-video-preview:-1"},"canonical":"https:\/\/www.energiecondivise.eu\/blog\/2026\/08\/18\/co-incontrando-architettura-del-900-a-gemona-del-friuli\/","og_locale":"it_IT","og_type":"article","og_title":"&amp;Co Incontrando ... Architettura del 900 a Gemona del Friuli - &amp;CO Energie Condivise","og_description":"Visita guidata alla mostra che valorizza e fa conoscere il patrimonio architettonico del Novecento a Gemona e nella Pedemontana friulana.","og_url":"https:\/\/www.energiecondivise.eu\/blog\/2026\/08\/18\/co-incontrando-architettura-del-900-a-gemona-del-friuli\/","og_site_name":"&amp;CO Energie Condivise","article_published_time":"2026-08-18T10:25:15+00:00","article_modified_time":"2026-08-18T10:28:30+00:00","og_image":[{"width":1300,"height":975,"url":"https:\/\/www.energiecondivise.eu\/blog\/wp-content\/uploads\/2026\/08\/Arch_900_1300.png","type":"image\/png"}],"author":"Giorgio","twitter_card":"summary_large_image","twitter_misc":{"Scritto da":"Giorgio","Tempo di lettura stimato":"2 minuti"},"schema":{"@context":"https:\/\/schema.org","@graph":[{"@type":"Article","@id":"https:\/\/www.energiecondivise.eu\/blog\/2026\/08\/18\/co-incontrando-architettura-del-900-a-gemona-del-friuli\/#article","isPartOf":{"@id":"https:\/\/www.energiecondivise.eu\/blog\/2026\/08\/18\/co-incontrando-architettura-del-900-a-gemona-del-friuli\/"},"author":{"name":"Giorgio","@id":"https:\/\/www.energiecondivise.eu\/blog\/#\/schema\/person\/83fa2833554fda011bb62cb6332c082b"},"headline":"&amp;Co Incontrando &#8230; Architettura del 900 a Gemona del Friuli","datePublished":"2026-08-18T10:25:15+00:00","dateModified":"2026-08-18T10:28:30+00:00","mainEntityOfPage":{"@id":"https:\/\/www.energiecondivise.eu\/blog\/2026\/08\/18\/co-incontrando-architettura-del-900-a-gemona-del-friuli\/"},"wordCount":213,"commentCount":0,"publisher":{"@id":"https:\/\/www.energiecondivise.eu\/blog\/#organization"},"image":{"@id":"https:\/\/www.energiecondivise.eu\/blog\/2026\/08\/18\/co-incontrando-architettura-del-900-a-gemona-del-friuli\/#primaryimage"},"thumbnailUrl":"https:\/\/www.energiecondivise.eu\/blog\/wp-content\/uploads\/2026\/08\/Arch_900_1300.png","articleSection":["Viaggi studio"],"inLanguage":"it-IT","potentialAction":[{"@type":"CommentAction","name":"Comment","target":["https:\/\/www.energiecondivise.eu\/blog\/2026\/08\/18\/co-incontrando-architettura-del-900-a-gemona-del-friuli\/#respond"]}]},{"@type":"WebPage","@id":"https:\/\/www.energiecondivise.eu\/blog\/2026\/08\/18\/co-incontrando-architettura-del-900-a-gemona-del-friuli\/","url":"https:\/\/www.energiecondivise.eu\/blog\/2026\/08\/18\/co-incontrando-architettura-del-900-a-gemona-del-friuli\/","name":"&amp;Co Incontrando ... Architettura del 900 a Gemona del Friuli - &amp;CO Energie Condivise","isPartOf":{"@id":"https:\/\/www.energiecondivise.eu\/blog\/#website"},"primaryImageOfPage":{"@id":"https:\/\/www.energiecondivise.eu\/blog\/2026\/08\/18\/co-incontrando-architettura-del-900-a-gemona-del-friuli\/#primaryimage"},"image":{"@id":"https:\/\/www.energiecondivise.eu\/blog\/2026\/08\/18\/co-incontrando-architettura-del-900-a-gemona-del-friuli\/#primaryimage"},"thumbnailUrl":"https:\/\/www.energiecondivise.eu\/blog\/wp-content\/uploads\/2026\/08\/Arch_900_1300.png","datePublished":"2026-08-18T10:25:15+00:00","dateModified":"2026-08-18T10:28:30+00:00","description":"Visita guidata alla mostra che valorizza e fa conoscere il patrimonio architettonico del Novecento a Gemona e nella Pedemontana friulana.","breadcrumb":{"@id":"https:\/\/www.energiecondivise.eu\/blog\/2026\/08\/18\/co-incontrando-architettura-del-900-a-gemona-del-friuli\/#breadcrumb"},"inLanguage":"it-IT","potentialAction":[{"@type":"ReadAction","target":["https:\/\/www.energiecondivise.eu\/blog\/2026\/08\/18\/co-incontrando-architettura-del-900-a-gemona-del-friuli\/"]}]},{"@type":"ImageObject","inLanguage":"it-IT","@id":"https:\/\/www.energiecondivise.eu\/blog\/2026\/08\/18\/co-incontrando-architettura-del-900-a-gemona-del-friuli\/#primaryimage","url":"https:\/\/www.energiecondivise.eu\/blog\/wp-content\/uploads\/2026\/08\/Arch_900_1300.png","contentUrl":"https:\/\/www.energiecondivise.eu\/blog\/wp-content\/uploads\/2026\/08\/Arch_900_1300.png","width":1300,"height":975},{"@type":"BreadcrumbList","@id":"https:\/\/www.energiecondivise.eu\/blog\/2026\/08\/18\/co-incontrando-architettura-del-900-a-gemona-del-friuli\/#breadcrumb","itemListElement":[{"@type":"ListItem","position":1,"name":"Home","item":"https:\/\/www.energiecondivise.eu\/blog\/"},{"@type":"ListItem","position":2,"name":"&amp;Co Incontrando &#8230; Architettura del 900 a Gemona del Friuli"}]},{"@type":"WebSite","@id":"https:\/\/www.energiecondivise.eu\/blog\/#website","url":"https:\/\/www.energiecondivise.eu\/blog\/","name":"&amp;CO Energie Condivise","description":"","publisher":{"@id":"https:\/\/www.energiecondivise.eu\/blog\/#organization"},"potentialAction":[{"@type":"SearchAction","target":{"@type":"EntryPoint","urlTemplate":"https:\/\/www.energiecondivise.eu\/blog\/?s={search_term_string}"},"query-input":{"@type":"PropertyValueSpecification","valueRequired":true,"valueName":"search_term_string"}}],"inLanguage":"it-IT"},{"@type":"Organization","@id":"https:\/\/www.energiecondivise.eu\/blog\/#organization","name":"&co Energiecondivise","url":"https:\/\/www.energiecondivise.eu\/blog\/","logo":{"@type":"ImageObject","inLanguage":"it-IT","@id":"https:\/\/www.energiecondivise.eu\/blog\/#\/schema\/logo\/image\/","url":"https:\/\/www.energiecondivise.eu\/blog\/wp-content\/uploads\/2019\/08\/cropped-02-Tipogr_logo-Co_256-2.png","contentUrl":"https:\/\/www.energiecondivise.eu\/blog\/wp-content\/uploads\/2019\/08\/cropped-02-Tipogr_logo-Co_256-2.png","width":512,"height":512,"caption":"&co Energiecondivise"},"image":{"@id":"https:\/\/www.energiecondivise.eu\/blog\/#\/schema\/logo\/image\/"}},{"@type":"Person","@id":"https:\/\/www.energiecondivise.eu\/blog\/#\/schema\/person\/83fa2833554fda011bb62cb6332c082b","name":"Giorgio","image":{"@type":"ImageObject","inLanguage":"it-IT","@id":"https:\/\/secure.gravatar.com\/avatar\/8bfcf3be25c65a46c701619d01316da9a55be79fd74de4ba67d1eea0edc78b69?s=96&d=mm&r=g","url":"https:\/\/secure.gravatar.com\/avatar\/8bfcf3be25c65a46c701619d01316da9a55be79fd74de4ba67d1eea0edc78b69?s=96&d=mm&r=g","contentUrl":"https:\/\/secure.gravatar.com\/avatar\/8bfcf3be25c65a46c701619d01316da9a55be79fd74de4ba67d1eea0edc78b69?s=96&d=mm&r=g","caption":"Giorgio"},"url":"https:\/\/www.energiecondivise.eu\/blog\/author\/giorgio\/"}]}},"_links":{"self":[{"href":"https:\/\/www.energiecondivise.eu\/blog\/wp-json\/wp\/v2\/posts\/1867","targetHints":{"allow":["GET"]}}],"collection":[{"href":"https:\/\/www.energiecondivise.eu\/blog\/wp-json\/wp\/v2\/posts"}],"about":[{"href":"https:\/\/www.energiecondivise.eu\/blog\/wp-json\/wp\/v2\/types\/post"}],"author":[{"embeddable":true,"href":"https:\/\/www.energiecondivise.eu\/blog\/wp-json\/wp\/v2\/users\/1"}],"replies":[{"embeddable":true,"href":"https:\/\/www.energiecondivise.eu\/blog\/wp-json\/wp\/v2\/comments?post=1867"}],"version-history":[{"count":2,"href":"https:\/\/www.energiecondivise.eu\/blog\/wp-json\/wp\/v2\/posts\/1867\/revisions"}],"predecessor-version":[{"id":1871,"href":"https:\/\/www.energiecondivise.eu\/blog\/wp-json\/wp\/v2\/posts\/1867\/revisions\/1871"}],"wp:featuredmedia":[{"embeddable":true,"href":"https:\/\/www.energiecondivise.eu\/blog\/wp-json\/wp\/v2\/media\/1868"}],"wp:attachment":[{"href":"https:\/\/www.energiecondivise.eu\/blog\/wp-json\/wp\/v2\/media?parent=1867"}],"wp:term":[{"taxonomy":"category","embeddable":true,"href":"https:\/\/www.energiecondivise.eu\/blog\/wp-json\/wp\/v2\/categories?post=1867"},{"taxonomy":"post_tag","embeddable":true,"href":"https:\/\/www.energiecondivise.eu\/blog\/wp-json\/wp\/v2\/tags?post=1867"}],"curies":[{"name":"wp","href":"https:\/\/api.w.org\/{rel}","templated":true}]}}